{"id":1775,"date":"2017-08-22T11:44:32","date_gmt":"2017-08-22T09:44:32","guid":{"rendered":"http:\/\/www.trecolore.at\/architects\/?p=1775"},"modified":"2017-09-14T10:46:37","modified_gmt":"2017-09-14T08:46:37","slug":"wohnhaus-am-stadtrand","status":"publish","type":"post","link":"https:\/\/www.trecolore.at\/architects\/wohnhaus-am-stadtrand\/","title":{"rendered":"Wohnhaus am Stadtrand"},"content":{"rendered":"<p>Das Grundst\u00fcck f\u00fcr dieses Bauvorhaben liegt in einem vorwiegend mit Einfamilienh\u00e4usern bebauten Wohnviertel am Stadtrand von Villach, unmittelbar angrenzend an das Elternhaus unserer Auftraggeberfamilie. Privatsph\u00e4re nach Aussen und Offenheit nach Innen waren wichtige Aspekte, die uns als Aufgabenstellung definiert wurden.<br \/>\n<!--more--><br \/>\nUm diesen Anforderungen gerecht zu werden, haben wir den Bauk\u00f6rper an beiden Grundst\u00fccksgrenzen mit den Geb\u00e4uden der Nachbargrundst\u00fccke verbunden und so einen durchgehenden Riegel geschaffen, der den Garten vollst\u00e4ndig von der Stra\u00dfe abschirmt und so mit ein hohes Ma\u00df an Privatsph\u00e4re gew\u00e4hrleistet.<\/p>\n<p><img decoding=\"async\" class=\"lazyload aligncenter size-full wp-image-1926\" src=\"data:image\/svg+xml,%3Csvg%20xmlns%3D%27http%3A%2F%2Fwww.w3.org%2F2000%2Fsvg%27%20width%3D%271280%27%20height%3D%27882%27%20viewBox%3D%270%200%201280%20882%27%3E%3Crect%20width%3D%271280%27%20height%3D%27882%27%20fill-opacity%3D%220%22%2F%3E%3C%2Fsvg%3E\" data-orig-src=\"https:\/\/www.trecolore.at\/architects\/wp-content\/uploads\/2016\/12\/WH-Am-Stadtrand_\u00a9trecolore_02.jpg\" alt=\"Wohnhaus am Stadtrand von Villach\" width=\"1280\" height=\"882\" \/><\/p>\n<p>Das Untergeschoss des Neubaus ist als L-f\u00f6rmiger Winkel mit einer Holzlamellenverkleidung ausgebildet. Mit wenigen \u00d6ffnungen zur Stra\u00dfe hin entspricht es dem Wunsch nach Intimit\u00e4t f\u00fcr die Bewohner. Die Holzlammelen der Fassadenverkleidung, die auch vor den Fenstern durchlaufen, verhindern, dass ungew\u00fcnschte Blicke ins Innere fallen. Das wei\u00dfverputzte Obergeschoss liegt versetzt auf dem Parterre, wodurch die Bauk\u00f6rper als zwei voneinander unabh\u00e4ngige Einheiten erscheinen, was durch die unterschiedliche Fassadengestaltung der Stockwerke noch verst\u00e4rkt wird.<\/p>\n<p>Im Inneren des Hauses bildet ein zweigeschossiges Atrium das Zentrum, um das alle R\u00e4ume angeordnet sind. Es verkn\u00fcpft sowohl das Erd- mit dem Obergeschoss als auch den Innenraum mit dem Aussenraum. Zum Garten hin ist das Atrium vollfl\u00e4chig verglast und im Sommer kann der Wohnraum auf die vorgelagerte Terrasse erweitert werden. Im Atrium selbst ist der Essbereich der Familie angesiedelt. Darum angeordnet liegen Wohnzimmer, K\u00fcche, der Eingangsbereich und die Treppe ins Obergeschoss.<\/p>\n<p><img decoding=\"async\" class=\"lazyload aligncenter size-medium wp-image-1790\" src=\"data:image\/svg+xml,%3Csvg%20xmlns%3D%27http%3A%2F%2Fwww.w3.org%2F2000%2Fsvg%27%20width%3D%271280%27%20height%3D%27853%27%20viewBox%3D%270%200%201280%20853%27%3E%3Crect%20width%3D%271280%27%20height%3D%27853%27%20fill-opacity%3D%220%22%2F%3E%3C%2Fsvg%3E\" data-orig-src=\"https:\/\/www.trecolore.at\/architects\/wp-content\/uploads\/2016\/12\/10220_WH-am-Stadtrand_003-1280x853.jpg\" alt=\"Wohnhaus am Stadtrand\" width=\"1280\" height=\"853\" \/><\/p>\n<p><img decoding=\"async\" class=\"lazyload aligncenter size-full wp-image-1928\" src=\"data:image\/svg+xml,%3Csvg%20xmlns%3D%27http%3A%2F%2Fwww.w3.org%2F2000%2Fsvg%27%20width%3D%271280%27%20height%3D%27853%27%20viewBox%3D%270%200%201280%20853%27%3E%3Crect%20width%3D%271280%27%20height%3D%27853%27%20fill-opacity%3D%220%22%2F%3E%3C%2Fsvg%3E\" data-orig-src=\"https:\/\/www.trecolore.at\/architects\/wp-content\/uploads\/2016\/12\/WH-Am-Stadtrand_\u00a9trecolore_03.jpg\" alt=\"Wohnhaus am Stadtrand\" width=\"1280\" height=\"853\" \/><\/p>\n<p>Im Obergeschoss bilden eine Galerie, ein Arbeitsbereich und ein Spielplatz eine halb\u00f6ffentliche Zone. Darum sind die Kinderzimmer und das Kinderbad sowie das Elternschlafzimmer mit eigenem Bad und eigenem Balkon mit Jacuzzi angeordnet. Auch das Elternschlafzimmer und \u2013bad sind zum Garten hin vollfl\u00e4chig verglast. Von hier haben die Eltern einen wundervollen Blick \u00fcber die, dem Geb\u00e4ude gegen\u00fcberliegende idyllische Berglandschaft. Ein weiteres geschossverbindendes Element ist ein Raumteiler, der sich im Atrium vom Erdgeschoss bis in das Obergeschoss erstreckt. Im Erdgeschoss fungiert das raumbildende Element als Abtrennung des Eingangsbereiches vom Wohnbereich. Eine besondere Raffinesse ist das integrierte Aquarium. Durch dieses \u201ehalbtransparente\u201c Element entsteht eine Verkn\u00fcpfung vom Wohnbereich zum Eingang. Aber auch funktionale Elemente, wie Stauraum sind in das M\u00f6bel integriert. Im Obergeschoss ist der Raumteiler als Arbeitsplatz ausgebildet.<\/p>\n<p>Die Materialauswahl erfolgte in sehr enger Zusammenarbeit mit den Bewohnern; Die Grundlage war eine Farbpalette mit Erdt\u00f6nen. Besonders stilvoll wirkt der mit einem goldenen Farbton und seiner nat\u00fcrlichen Oberfl\u00e4che eingesetzte Parkett (Eiche gold, naturge\u00f6lt, Silverline Edition von <strong><a href=\"https:\/\/www.bauwerk-parkett.com\/de.html?de\" target=\"_blank\">Bauwerk<\/a><\/strong>), der im ganzen Haus verlegt wurde und die flie\u00dfenden \u00dcberg\u00e4nge der R\u00e4ume auf gro\u00dfartige Weise unterstreicht. Zudem konnten wir damit auch das Thema der Holzverkleidung der Aussenfassade wieder aufnehmen und so eine Br\u00fccke zwischen dem Aussen- und Innenraum schlagen.<\/p>\n<p>Die Blickbeziehungen zwischen den verschiedenen Bereichen sind eine besondere Qualit\u00e4t des Hauses. Die gro\u00dfz\u00fcgigen Verglasungen, das offen gestaltete Atrium und die Geometrie der Architektur erm\u00f6glichen es, die verschiedenen Bereiche miteinander zu verkn\u00fcpfen und die durchdachte Positionierung des Hauses auf dem Grundst\u00fcck schafft Privatsph\u00e4re und eine Verbindung zwischen Alt und Neu.<\/p>\n<p><img decoding=\"async\" class=\"lazyload aligncenter size-full wp-image-1930\" src=\"data:image\/svg+xml,%3Csvg%20xmlns%3D%27http%3A%2F%2Fwww.w3.org%2F2000%2Fsvg%27%20width%3D%271280%27%20height%3D%27853%27%20viewBox%3D%270%200%201280%20853%27%3E%3Crect%20width%3D%271280%27%20height%3D%27853%27%20fill-opacity%3D%220%22%2F%3E%3C%2Fsvg%3E\" data-orig-src=\"https:\/\/www.trecolore.at\/architects\/wp-content\/uploads\/2016\/12\/WH-Am-Stadtrand_\u00a9trecolore_05.jpg\" alt=\"Wohnhaus am Stadtrand von Villach\" width=\"1280\" height=\"853\" \/><\/p>\n<p><img decoding=\"async\" class=\"lazyload aligncenter size-full wp-image-1932\" src=\"data:image\/svg+xml,%3Csvg%20xmlns%3D%27http%3A%2F%2Fwww.w3.org%2F2000%2Fsvg%27%20width%3D%271280%27%20height%3D%27853%27%20viewBox%3D%270%200%201280%20853%27%3E%3Crect%20width%3D%271280%27%20height%3D%27853%27%20fill-opacity%3D%220%22%2F%3E%3C%2Fsvg%3E\" data-orig-src=\"https:\/\/www.trecolore.at\/architects\/wp-content\/uploads\/2016\/12\/WH-Am-Stadtrand_\u00a9trecolore_06.jpg\" alt=\"Wohnhaus am Stadtrand von Villach\" width=\"1280\" height=\"853\" \/><\/p>\n<p><img decoding=\"async\" class=\"lazyload aligncenter size-full wp-image-1934\" src=\"data:image\/svg+xml,%3Csvg%20xmlns%3D%27http%3A%2F%2Fwww.w3.org%2F2000%2Fsvg%27%20width%3D%271280%27%20height%3D%27861%27%20viewBox%3D%270%200%201280%20861%27%3E%3Crect%20width%3D%271280%27%20height%3D%27861%27%20fill-opacity%3D%220%22%2F%3E%3C%2Fsvg%3E\" data-orig-src=\"https:\/\/www.trecolore.at\/architects\/wp-content\/uploads\/2016\/12\/WH-Am-Stadtrand_\u00a9trecolore_07.jpg\" alt=\"Wohnhaus am Stadtrand von Villach\" width=\"1280\" height=\"861\" \/><\/p>\n<p><img decoding=\"async\" class=\"lazyload aligncenter size-full wp-image-1936\" src=\"data:image\/svg+xml,%3Csvg%20xmlns%3D%27http%3A%2F%2Fwww.w3.org%2F2000%2Fsvg%27%20width%3D%271280%27%20height%3D%27853%27%20viewBox%3D%270%200%201280%20853%27%3E%3Crect%20width%3D%271280%27%20height%3D%27853%27%20fill-opacity%3D%220%22%2F%3E%3C%2Fsvg%3E\" data-orig-src=\"https:\/\/www.trecolore.at\/architects\/wp-content\/uploads\/2016\/12\/WH-Am-Stadtrand_\u00a9trecolore_08.jpg\" alt=\"Wohnhaus am Stadtrand von Villach\" width=\"1280\" height=\"853\" \/><\/p>\n<p><img decoding=\"async\" class=\"lazyload aligncenter size-full wp-image-1938\" src=\"https:\/\/www.trecolore.at\/architects\/wp-content\/uploads\/2016\/12\/WH-Am-Stadtrand_\u00a9trecolore_09.jpg\" data-orig-src=\"https:\/\/www.trecolore.at\/architects\/wp-content\/uploads\/2016\/12\/WH-Am-Stadtrand_\u00a9trecolore_09.jpg\" alt=\"Wohnhaus am Stadtrand\" width=\"1280\" height=\"1920\" srcset=\"data:image\/svg+xml,%3Csvg%20xmlns%3D%27http%3A%2F%2Fwww.w3.org%2F2000%2Fsvg%27%20width%3D%271280%27%20height%3D%271920%27%20viewBox%3D%270%200%201280%201920%27%3E%3Crect%20width%3D%271280%27%20height%3D%271920%27%20fill-opacity%3D%220%22%2F%3E%3C%2Fsvg%3E\" data-srcset=\"https:\/\/www.trecolore.at\/architects\/wp-content\/uploads\/2016\/12\/WH-Am-Stadtrand_\u00a9trecolore_09-910x1365.jpg 910w, https:\/\/www.trecolore.at\/architects\/wp-content\/uploads\/2016\/12\/WH-Am-Stadtrand_\u00a9trecolore_09-960x1440.jpg 960w, https:\/\/www.trecolore.at\/architects\/wp-content\/uploads\/2016\/12\/WH-Am-Stadtrand_\u00a9trecolore_09.jpg 1280w\" data-sizes=\"auto\" data-orig-sizes=\"(max-width: 1280px) 100vw, 1280px\" \/><\/p>\n<p><img decoding=\"async\" class=\"lazyload aligncenter size-full wp-image-1940\" src=\"data:image\/svg+xml,%3Csvg%20xmlns%3D%27http%3A%2F%2Fwww.w3.org%2F2000%2Fsvg%27%20width%3D%271280%27%20height%3D%27853%27%20viewBox%3D%270%200%201280%20853%27%3E%3Crect%20width%3D%271280%27%20height%3D%27853%27%20fill-opacity%3D%220%22%2F%3E%3C%2Fsvg%3E\" data-orig-src=\"https:\/\/www.trecolore.at\/architects\/wp-content\/uploads\/2016\/12\/WH-Am-Stadtrand_\u00a9trecolore_10.jpg\" alt=\"Wohnhaus am Stadtrand\" width=\"1280\" height=\"853\" \/><\/p>\n<p><img decoding=\"async\" class=\"lazyload aligncenter size-full wp-image-1942\" src=\"data:image\/svg+xml,%3Csvg%20xmlns%3D%27http%3A%2F%2Fwww.w3.org%2F2000%2Fsvg%27%20width%3D%271280%27%20height%3D%27853%27%20viewBox%3D%270%200%201280%20853%27%3E%3Crect%20width%3D%271280%27%20height%3D%27853%27%20fill-opacity%3D%220%22%2F%3E%3C%2Fsvg%3E\" data-orig-src=\"https:\/\/www.trecolore.at\/architects\/wp-content\/uploads\/2016\/12\/WH-Am-Stadtrand_\u00a9trecolore_04.jpg\" alt=\"Wohnhaus am Stadtrand\" width=\"1280\" height=\"853\" \/><\/p>\n<p><img decoding=\"async\" class=\"lazyload aligncenter size-full wp-image-1944\" src=\"data:image\/svg+xml,%3Csvg%20xmlns%3D%27http%3A%2F%2Fwww.w3.org%2F2000%2Fsvg%27%20width%3D%271280%27%20height%3D%27853%27%20viewBox%3D%270%200%201280%20853%27%3E%3Crect%20width%3D%271280%27%20height%3D%27853%27%20fill-opacity%3D%220%22%2F%3E%3C%2Fsvg%3E\" data-orig-src=\"https:\/\/www.trecolore.at\/architects\/wp-content\/uploads\/2016\/12\/WH-Am-Stadtrand_\u00a9trecolore_11.jpg\" alt=\"Wohnhaus am Stadtrand von Villach\" width=\"1280\" height=\"853\" \/><\/p>\n<p><img decoding=\"async\" class=\"lazyload aligncenter size-full wp-image-1946\" src=\"data:image\/svg+xml,%3Csvg%20xmlns%3D%27http%3A%2F%2Fwww.w3.org%2F2000%2Fsvg%27%20width%3D%271280%27%20height%3D%27853%27%20viewBox%3D%270%200%201280%20853%27%3E%3Crect%20width%3D%271280%27%20height%3D%27853%27%20fill-opacity%3D%220%22%2F%3E%3C%2Fsvg%3E\" data-orig-src=\"https:\/\/www.trecolore.at\/architects\/wp-content\/uploads\/2016\/12\/WH-Am-Stadtrand_\u00a9trecolore_12.jpg\" alt=\"Wohnhaus am Stradtrand von Villach\" width=\"1280\" height=\"853\" \/><\/p>\n<p><img decoding=\"async\" class=\"lazyload aligncenter size-full wp-image-1948\" src=\"https:\/\/www.trecolore.at\/architects\/wp-content\/uploads\/2016\/12\/WH-Am-Stadtrand_\u00a9trecolore_13.jpg\" data-orig-src=\"https:\/\/www.trecolore.at\/architects\/wp-content\/uploads\/2016\/12\/WH-Am-Stadtrand_\u00a9trecolore_13.jpg\" alt=\"Wohnhaus am Stadtrand von Villach\" width=\"1280\" height=\"1920\" srcset=\"data:image\/svg+xml,%3Csvg%20xmlns%3D%27http%3A%2F%2Fwww.w3.org%2F2000%2Fsvg%27%20width%3D%271280%27%20height%3D%271920%27%20viewBox%3D%270%200%201280%201920%27%3E%3Crect%20width%3D%271280%27%20height%3D%271920%27%20fill-opacity%3D%220%22%2F%3E%3C%2Fsvg%3E\" data-srcset=\"https:\/\/www.trecolore.at\/architects\/wp-content\/uploads\/2016\/12\/WH-Am-Stadtrand_\u00a9trecolore_13-910x1365.jpg 910w, https:\/\/www.trecolore.at\/architects\/wp-content\/uploads\/2016\/12\/WH-Am-Stadtrand_\u00a9trecolore_13-960x1440.jpg 960w, https:\/\/www.trecolore.at\/architects\/wp-content\/uploads\/2016\/12\/WH-Am-Stadtrand_\u00a9trecolore_13.jpg 1280w\" data-sizes=\"auto\" data-orig-sizes=\"(max-width: 1280px) 100vw, 1280px\" \/><\/p>\n<p>&nbsp;<\/p>\n<p><span style=\"border-radius: 2px; text-indent: 20px; width: auto; padding: 0px 4px 0px 0px; text-align: center; font: bold 11px\/20px 'Helvetica Neue',Helvetica,sans-serif; color: #ffffff; background: #bd081c no-repeat scroll 3px 50% \/ 14px 14px; position: absolute; opacity: 1; z-index: 8675309; display: none; cursor: pointer;\">Merken<\/span><\/p>\n<p><span style=\"border-radius: 2px; text-indent: 20px; width: auto; padding: 0px 4px 0px 0px; text-align: center; font: bold 11px\/20px 'Helvetica Neue',Helvetica,sans-serif; color: #ffffff; background: #bd081c no-repeat scroll 3px 50% \/ 14px 14px; position: absolute; opacity: 1; z-index: 8675309; display: none; cursor: pointer;\">Merken<\/span><\/p>\n<p><span style=\"border-radius: 2px; text-indent: 20px; width: auto; padding: 0px 4px 0px 0px; text-align: center; font: bold 11px\/20px 'Helvetica Neue',Helvetica,sans-serif; color: #ffffff; background: #bd081c no-repeat scroll 3px 50% \/ 14px 14px; position: absolute; opacity: 1; z-index: 8675309; display: none; cursor: pointer;\">Merken<\/span><\/p>\n<p><span style=\"border-radius: 2px; text-indent: 20px; width: auto; padding: 0px 4px 0px 0px; text-align: center; font: bold 11px\/20px 'Helvetica Neue',Helvetica,sans-serif; color: #ffffff; background: #bd081c no-repeat scroll 3px 50% \/ 14px 14px; position: absolute; opacity: 1; z-index: 8675309; display: none; cursor: pointer;\">Merken<\/span><\/p>\n<p><span style=\"border-radius: 2px; text-indent: 20px; width: auto; padding: 0px 4px 0px 0px; text-align: center; font: bold 11px\/20px 'Helvetica Neue',Helvetica,sans-serif; color: #ffffff; background: #bd081c no-repeat scroll 3px 50% \/ 14px 14px; position: absolute; opacity: 1; z-index: 8675309; display: none; cursor: pointer;\">Merken<\/span><\/p>\n<p><span style=\"border-radius: 2px; text-indent: 20px; width: auto; padding: 0px 4px 0px 0px; text-align: center; font: bold 11px\/20px 'Helvetica Neue',Helvetica,sans-serif; color: #ffffff; background: #bd081c no-repeat scroll 3px 50% \/ 14px 14px; position: absolute; opacity: 1; z-index: 8675309; display: none; cursor: pointer;\">Merken<\/span><\/p>\n<p><span style=\"border-radius: 2px; text-indent: 20px; width: auto; padding: 0px 4px 0px 0px; text-align: center; font: bold 11px\/20px 'Helvetica Neue',Helvetica,sans-serif; color: #ffffff; background: #bd081c no-repeat scroll 3px 50% \/ 14px 14px; position: absolute; opacity: 1; z-index: 8675309; display: none; cursor: pointer;\">Merken<\/span><\/p>\n<p><span style=\"border-radius: 2px; text-indent: 20px; width: auto; padding: 0px 4px 0px 0px; text-align: center; font: bold 11px\/20px 'Helvetica Neue',Helvetica,sans-serif; color: #ffffff; background: #bd081c no-repeat scroll 3px 50% \/ 14px 14px; position: absolute; opacity: 1; z-index: 8675309; display: none; cursor: pointer;\">Merken<\/span><\/p>\n<p><span style=\"border-radius: 2px; text-indent: 20px; width: auto; padding: 0px 4px 0px 0px; text-align: center; font: bold 11px\/20px 'Helvetica Neue',Helvetica,sans-serif; color: #ffffff; background: #bd081c no-repeat scroll 3px 50% \/ 14px 14px; position: absolute; opacity: 1; z-index: 8675309; display: none; cursor: pointer;\">Merken<\/span><\/p>\n<p><span style=\"border-radius: 2px; text-indent: 20px; width: auto; padding: 0px 4px 0px 0px; text-align: center; font: bold 11px\/20px 'Helvetica Neue',Helvetica,sans-serif; color: #ffffff; background: #bd081c no-repeat scroll 3px 50% \/ 14px 14px; position: absolute; opacity: 1; z-index: 8675309; display: none; cursor: pointer;\">Merken<\/span><\/p>\n<p><span style=\"border-radius: 2px; text-indent: 20px; width: auto; padding: 0px 4px 0px 0px; text-align: center; font: bold 11px\/20px 'Helvetica Neue',Helvetica,sans-serif; color: #ffffff; background: #bd081c no-repeat scroll 3px 50% \/ 14px 14px; position: absolute; opacity: 1; z-index: 8675309; display: none; cursor: pointer;\">Merken<\/span><\/p>\n","protected":false},"excerpt":{"rendered":"<p>Das Grundst\u00fcck f\u00fcr dieses Bauvorhaben liegt in einem vorwiegend mit  [&#8230;]<\/p>\n","protected":false},"author":1,"featured_media":1950,"comment_status":"closed","ping_status":"closed","sticky":false,"template":"","format":"standard","meta":{"ngg_post_thumbnail":0,"footnotes":""},"categories":[25],"tags":[],"class_list":["post-1775","post","type-post","status-publish","format-standard","has-post-thumbnail","hentry","category-wohnraum"],"yoast_head":"<!-- This site is optimized with the Yoast SEO plugin v27.0 - https:\/\/yoast.com\/product\/yoast-seo-wordpress\/ -->\n<title>Wohnhaus am Stadtrand | Trecolore :: Architects of integrated solutions<\/title>\n<meta name=\"robots\" content=\"index, follow, max-snippet:-1, max-image-preview:large, max-video-preview:-1\" \/>\n<link rel=\"canonical\" href=\"https:\/\/www.trecolore.at\/architects\/wohnhaus-am-stadtrand\/\" \/>\n<meta property=\"og:locale\" content=\"de_DE\" \/>\n<meta property=\"og:type\" content=\"article\" \/>\n<meta property=\"og:title\" content=\"Wohnhaus am Stadtrand | Trecolore :: Architects of integrated solutions\" \/>\n<meta property=\"og:description\" content=\"Das Grundst\u00fcck f\u00fcr dieses Bauvorhaben liegt in einem vorwiegend mit [...]\" \/>\n<meta property=\"og:url\" content=\"https:\/\/www.trecolore.at\/architects\/wohnhaus-am-stadtrand\/\" \/>\n<meta property=\"og:site_name\" content=\"Trecolore :: Architects of integrated solutions\" \/>\n<meta property=\"article:publisher\" content=\"https:\/\/www.facebook.com\/trecolore\/\" \/>\n<meta property=\"article:published_time\" content=\"2017-08-22T09:44:32+00:00\" \/>\n<meta property=\"article:modified_time\" content=\"2017-09-14T08:46:37+00:00\" \/>\n<meta property=\"og:image\" content=\"https:\/\/www.trecolore.at\/architects\/wp-content\/uploads\/2016\/12\/WH-Am-Stadtrand_\u00a9trecolore_14.jpg\" \/>\n\t<meta property=\"og:image:width\" content=\"2048\" \/>\n\t<meta property=\"og:image:height\" content=\"1404\" \/>\n\t<meta property=\"og:image:type\" content=\"image\/jpeg\" \/>\n<meta name=\"author\" content=\"Trecolore Architects\" \/>\n<meta name=\"twitter:card\" content=\"summary_large_image\" \/>\n<meta name=\"twitter:label1\" content=\"Verfasst von\" \/>\n\t<meta name=\"twitter:data1\" content=\"Trecolore Architects\" \/>\n\t<meta name=\"twitter:label2\" content=\"Gesch\u00e4tzte Lesezeit\" \/>\n\t<meta name=\"twitter:data2\" content=\"3\u00a0Minuten\" \/>\n<script type=\"application\/ld+json\" class=\"yoast-schema-graph\">{\"@context\":\"https:\/\/schema.org\",\"@graph\":[{\"@type\":\"Article\",\"@id\":\"https:\/\/www.trecolore.at\/architects\/wohnhaus-am-stadtrand\/#article\",\"isPartOf\":{\"@id\":\"https:\/\/www.trecolore.at\/architects\/wohnhaus-am-stadtrand\/\"},\"author\":{\"name\":\"Trecolore Architects\",\"@id\":\"https:\/\/www.trecolore.at\/architects\/#\/schema\/person\/319db090a0e41bde11372e3c1aaec037\"},\"headline\":\"Wohnhaus am Stadtrand\",\"datePublished\":\"2017-08-22T09:44:32+00:00\",\"dateModified\":\"2017-09-14T08:46:37+00:00\",\"mainEntityOfPage\":{\"@id\":\"https:\/\/www.trecolore.at\/architects\/wohnhaus-am-stadtrand\/\"},\"wordCount\":539,\"image\":{\"@id\":\"https:\/\/www.trecolore.at\/architects\/wohnhaus-am-stadtrand\/#primaryimage\"},\"thumbnailUrl\":\"https:\/\/www.trecolore.at\/architects\/wp-content\/uploads\/2016\/12\/WH-Am-Stadtrand_\u00a9trecolore_14.jpg\",\"articleSection\":[\"Wohnraum (private Auftraggeber)\"],\"inLanguage\":\"de\"},{\"@type\":\"WebPage\",\"@id\":\"https:\/\/www.trecolore.at\/architects\/wohnhaus-am-stadtrand\/\",\"url\":\"https:\/\/www.trecolore.at\/architects\/wohnhaus-am-stadtrand\/\",\"name\":\"Wohnhaus am Stadtrand | Trecolore :: Architects of integrated solutions\",\"isPartOf\":{\"@id\":\"https:\/\/www.trecolore.at\/architects\/#website\"},\"primaryImageOfPage\":{\"@id\":\"https:\/\/www.trecolore.at\/architects\/wohnhaus-am-stadtrand\/#primaryimage\"},\"image\":{\"@id\":\"https:\/\/www.trecolore.at\/architects\/wohnhaus-am-stadtrand\/#primaryimage\"},\"thumbnailUrl\":\"https:\/\/www.trecolore.at\/architects\/wp-content\/uploads\/2016\/12\/WH-Am-Stadtrand_\u00a9trecolore_14.jpg\",\"datePublished\":\"2017-08-22T09:44:32+00:00\",\"dateModified\":\"2017-09-14T08:46:37+00:00\",\"author\":{\"@id\":\"https:\/\/www.trecolore.at\/architects\/#\/schema\/person\/319db090a0e41bde11372e3c1aaec037\"},\"breadcrumb\":{\"@id\":\"https:\/\/www.trecolore.at\/architects\/wohnhaus-am-stadtrand\/#breadcrumb\"},\"inLanguage\":\"de\",\"potentialAction\":[{\"@type\":\"ReadAction\",\"target\":[\"https:\/\/www.trecolore.at\/architects\/wohnhaus-am-stadtrand\/\"]}]},{\"@type\":\"ImageObject\",\"inLanguage\":\"de\",\"@id\":\"https:\/\/www.trecolore.at\/architects\/wohnhaus-am-stadtrand\/#primaryimage\",\"url\":\"https:\/\/www.trecolore.at\/architects\/wp-content\/uploads\/2016\/12\/WH-Am-Stadtrand_\u00a9trecolore_14.jpg\",\"contentUrl\":\"https:\/\/www.trecolore.at\/architects\/wp-content\/uploads\/2016\/12\/WH-Am-Stadtrand_\u00a9trecolore_14.jpg\",\"width\":2048,\"height\":1404},{\"@type\":\"BreadcrumbList\",\"@id\":\"https:\/\/www.trecolore.at\/architects\/wohnhaus-am-stadtrand\/#breadcrumb\",\"itemListElement\":[{\"@type\":\"ListItem\",\"position\":1,\"name\":\"Startseite\",\"item\":\"https:\/\/www.trecolore.at\/architects\/\"},{\"@type\":\"ListItem\",\"position\":2,\"name\":\"Wohnhaus am Stadtrand\"}]},{\"@type\":\"WebSite\",\"@id\":\"https:\/\/www.trecolore.at\/architects\/#website\",\"url\":\"https:\/\/www.trecolore.at\/architects\/\",\"name\":\"Trecolore :: Architects of integrated solutions\",\"description\":\"Architekturb\u00fcro f\u00fcr integrale Planung\",\"potentialAction\":[{\"@type\":\"SearchAction\",\"target\":{\"@type\":\"EntryPoint\",\"urlTemplate\":\"https:\/\/www.trecolore.at\/architects\/?s={search_term_string}\"},\"query-input\":{\"@type\":\"PropertyValueSpecification\",\"valueRequired\":true,\"valueName\":\"search_term_string\"}}],\"inLanguage\":\"de\"},{\"@type\":\"Person\",\"@id\":\"https:\/\/www.trecolore.at\/architects\/#\/schema\/person\/319db090a0e41bde11372e3c1aaec037\",\"name\":\"Trecolore Architects\"}]}<\/script>\n<!-- \/ Yoast SEO plugin. -->","yoast_head_json":{"title":"Wohnhaus am Stadtrand | Trecolore :: Architects of integrated solutions","robots":{"index":"index","follow":"follow","max-snippet":"max-snippet:-1","max-image-preview":"max-image-preview:large","max-video-preview":"max-video-preview:-1"},"canonical":"https:\/\/www.trecolore.at\/architects\/wohnhaus-am-stadtrand\/","og_locale":"de_DE","og_type":"article","og_title":"Wohnhaus am Stadtrand | Trecolore :: Architects of integrated solutions","og_description":"Das Grundst\u00fcck f\u00fcr dieses Bauvorhaben liegt in einem vorwiegend mit [...]","og_url":"https:\/\/www.trecolore.at\/architects\/wohnhaus-am-stadtrand\/","og_site_name":"Trecolore :: Architects of integrated solutions","article_publisher":"https:\/\/www.facebook.com\/trecolore\/","article_published_time":"2017-08-22T09:44:32+00:00","article_modified_time":"2017-09-14T08:46:37+00:00","og_image":[{"width":2048,"height":1404,"url":"https:\/\/www.trecolore.at\/architects\/wp-content\/uploads\/2016\/12\/WH-Am-Stadtrand_\u00a9trecolore_14.jpg","type":"image\/jpeg"}],"author":"Trecolore Architects","twitter_card":"summary_large_image","twitter_misc":{"Verfasst von":"Trecolore Architects","Gesch\u00e4tzte Lesezeit":"3\u00a0Minuten"},"schema":{"@context":"https:\/\/schema.org","@graph":[{"@type":"Article","@id":"https:\/\/www.trecolore.at\/architects\/wohnhaus-am-stadtrand\/#article","isPartOf":{"@id":"https:\/\/www.trecolore.at\/architects\/wohnhaus-am-stadtrand\/"},"author":{"name":"Trecolore Architects","@id":"https:\/\/www.trecolore.at\/architects\/#\/schema\/person\/319db090a0e41bde11372e3c1aaec037"},"headline":"Wohnhaus am Stadtrand","datePublished":"2017-08-22T09:44:32+00:00","dateModified":"2017-09-14T08:46:37+00:00","mainEntityOfPage":{"@id":"https:\/\/www.trecolore.at\/architects\/wohnhaus-am-stadtrand\/"},"wordCount":539,"image":{"@id":"https:\/\/www.trecolore.at\/architects\/wohnhaus-am-stadtrand\/#primaryimage"},"thumbnailUrl":"https:\/\/www.trecolore.at\/architects\/wp-content\/uploads\/2016\/12\/WH-Am-Stadtrand_\u00a9trecolore_14.jpg","articleSection":["Wohnraum (private Auftraggeber)"],"inLanguage":"de"},{"@type":"WebPage","@id":"https:\/\/www.trecolore.at\/architects\/wohnhaus-am-stadtrand\/","url":"https:\/\/www.trecolore.at\/architects\/wohnhaus-am-stadtrand\/","name":"Wohnhaus am Stadtrand | Trecolore :: Architects of integrated solutions","isPartOf":{"@id":"https:\/\/www.trecolore.at\/architects\/#website"},"primaryImageOfPage":{"@id":"https:\/\/www.trecolore.at\/architects\/wohnhaus-am-stadtrand\/#primaryimage"},"image":{"@id":"https:\/\/www.trecolore.at\/architects\/wohnhaus-am-stadtrand\/#primaryimage"},"thumbnailUrl":"https:\/\/www.trecolore.at\/architects\/wp-content\/uploads\/2016\/12\/WH-Am-Stadtrand_\u00a9trecolore_14.jpg","datePublished":"2017-08-22T09:44:32+00:00","dateModified":"2017-09-14T08:46:37+00:00","author":{"@id":"https:\/\/www.trecolore.at\/architects\/#\/schema\/person\/319db090a0e41bde11372e3c1aaec037"},"breadcrumb":{"@id":"https:\/\/www.trecolore.at\/architects\/wohnhaus-am-stadtrand\/#breadcrumb"},"inLanguage":"de","potentialAction":[{"@type":"ReadAction","target":["https:\/\/www.trecolore.at\/architects\/wohnhaus-am-stadtrand\/"]}]},{"@type":"ImageObject","inLanguage":"de","@id":"https:\/\/www.trecolore.at\/architects\/wohnhaus-am-stadtrand\/#primaryimage","url":"https:\/\/www.trecolore.at\/architects\/wp-content\/uploads\/2016\/12\/WH-Am-Stadtrand_\u00a9trecolore_14.jpg","contentUrl":"https:\/\/www.trecolore.at\/architects\/wp-content\/uploads\/2016\/12\/WH-Am-Stadtrand_\u00a9trecolore_14.jpg","width":2048,"height":1404},{"@type":"BreadcrumbList","@id":"https:\/\/www.trecolore.at\/architects\/wohnhaus-am-stadtrand\/#breadcrumb","itemListElement":[{"@type":"ListItem","position":1,"name":"Startseite","item":"https:\/\/www.trecolore.at\/architects\/"},{"@type":"ListItem","position":2,"name":"Wohnhaus am Stadtrand"}]},{"@type":"WebSite","@id":"https:\/\/www.trecolore.at\/architects\/#website","url":"https:\/\/www.trecolore.at\/architects\/","name":"Trecolore :: Architects of integrated solutions","description":"Architekturb\u00fcro f\u00fcr integrale Planung","potentialAction":[{"@type":"SearchAction","target":{"@type":"EntryPoint","urlTemplate":"https:\/\/www.trecolore.at\/architects\/?s={search_term_string}"},"query-input":{"@type":"PropertyValueSpecification","valueRequired":true,"valueName":"search_term_string"}}],"inLanguage":"de"},{"@type":"Person","@id":"https:\/\/www.trecolore.at\/architects\/#\/schema\/person\/319db090a0e41bde11372e3c1aaec037","name":"Trecolore Architects"}]}},"_links":{"self":[{"href":"https:\/\/www.trecolore.at\/architects\/wp-json\/wp\/v2\/posts\/1775","targetHints":{"allow":["GET"]}}],"collection":[{"href":"https:\/\/www.trecolore.at\/architects\/wp-json\/wp\/v2\/posts"}],"about":[{"href":"https:\/\/www.trecolore.at\/architects\/wp-json\/wp\/v2\/types\/post"}],"author":[{"embeddable":true,"href":"https:\/\/www.trecolore.at\/architects\/wp-json\/wp\/v2\/users\/1"}],"replies":[{"embeddable":true,"href":"https:\/\/www.trecolore.at\/architects\/wp-json\/wp\/v2\/comments?post=1775"}],"version-history":[{"count":0,"href":"https:\/\/www.trecolore.at\/architects\/wp-json\/wp\/v2\/posts\/1775\/revisions"}],"wp:featuredmedia":[{"embeddable":true,"href":"https:\/\/www.trecolore.at\/architects\/wp-json\/wp\/v2\/media\/1950"}],"wp:attachment":[{"href":"https:\/\/www.trecolore.at\/architects\/wp-json\/wp\/v2\/media?parent=1775"}],"wp:term":[{"taxonomy":"category","embeddable":true,"href":"https:\/\/www.trecolore.at\/architects\/wp-json\/wp\/v2\/categories?post=1775"},{"taxonomy":"post_tag","embeddable":true,"href":"https:\/\/www.trecolore.at\/architects\/wp-json\/wp\/v2\/tags?post=1775"}],"curies":[{"name":"wp","href":"https:\/\/api.w.org\/{rel}","templated":true}]}}